{"id":10018,"date":"2023-01-24T14:27:05","date_gmt":"2023-01-24T14:27:05","guid":{"rendered":"https:\/\/www.facebook.com\/515004407292149\/posts\/639209688204953"},"modified":"2023-01-28T09:39:30","modified_gmt":"2023-01-28T09:39:30","slug":"vazeni-priznivci-naseho-lyzarskeho-strediska-235846291326_639209688204953","status":"publish","type":"post","link":"https:\/\/www.scbournak.cz\/index.php\/2023\/01\/24\/vazeni-priznivci-naseho-lyzarskeho-strediska-235846291326_639209688204953\/","title":{"rendered":"V\u00e1\u017een\u00ed p\u0159\u00edznivci na\u0161eho ly\u017ea\u0159sk\u00e9ho st\u0159ediska,"},"content":{"rendered":"<div class=\"text-element content-element\">\nV\u00e1\u017een\u00ed p\u0159\u00edznivci na\u0161eho ly\u017ea\u0159sk\u00e9ho st\u0159ediska, <\/p>\n<p>vzhledem k p\u0159\u00edzniv\u00e9 zm\u011bn\u011b po\u010das\u00ed se budeme sna\u017eit na tuto sobotu 28.1. otev\u0159\u00edt \u00dadol\u00ed\u010dko a cvi\u010dnou louku  Mikeska.<br \/>\nStejn\u011b tak, pokud bude mo\u017en\u00e9 op\u011bt za\u010d\u00edt zasn\u011b\u017eovat na Slalom\u00e1ku, budeme se sna\u017eit o jeho zprovozn\u011bn\u00ed co nejd\u0159\u00edve tak\u00e9.<\/p>\n<p>P\u016fj\u010dovna a servis ly\u017e\u00ed SCB Ski Rental and Service je pro V\u00e1s otev\u0159ena:<br \/>\nSt\u0159eda od 15:00 do 18:30<br \/>\nP\u00e1tek od 15:00 do 18:30<br \/>\nSobota od 8:30 do 16:30<br \/>\nNed\u011ble od 8:30 do 16:30<\/p>\n<p>Dr\u017ete n\u00e1m palce, v\u00edce up\u0159es\u0148uj\u00edc\u00edch informac\u00ed zde a na na\u0161ich webov\u00fdch str\u00e1nk\u00e1ch.<\/p>\n<p>D\u011bkujeme<\/p><\/div>\n","protected":false},"excerpt":{"rendered":"<p>V\u00e1\u017een\u00ed p\u0159\u00edznivci na\u0161eho ly\u017ea\u0159sk\u00e9ho st\u0159ediska, vzhledem k p\u0159\u00edzniv\u00e9 zm\u011bn\u011b po\u010das\u00ed se budeme sna\u017eit na tuto sobotu 28.1. otev\u0159\u00edt \u00dadol\u00ed\u010dko a cvi\u010dnou louku Mikeska. Stejn\u011b tak, pokud bude mo\u017en\u00e9 op\u011bt za\u010d\u00edt zasn\u011b\u017eovat na Slalom\u00e1ku, budeme se sna\u017eit o jeho zprovozn\u011bn\u00ed co nejd\u0159\u00edve tak\u00e9. P\u016fj\u010dovna a servis ly\u017e\u00ed SCB Ski Rental and Service je pro V\u00e1s otev\u0159ena: [&hellip;]<\/p>\n","protected":false},"author":4,"featured_media":0,"comment_status":"","ping_status":"","sticky":false,"template":"","format":"standard","meta":{"ngg_post_thumbnail":0},"categories":[42],"tags":[],"_links":{"self":[{"href":"https:\/\/www.scbournak.cz\/index.php\/wp-json\/wp\/v2\/posts\/10018"}],"collection":[{"href":"https:\/\/www.scbournak.cz\/index.php\/wp-json\/wp\/v2\/posts"}],"about":[{"href":"https:\/\/www.scbournak.cz\/index.php\/wp-json\/wp\/v2\/types\/post"}],"author":[{"embeddable":true,"href":"https:\/\/www.scbournak.cz\/index.php\/wp-json\/wp\/v2\/users\/4"}],"replies":[{"embeddable":true,"href":"https:\/\/www.scbournak.cz\/index.php\/wp-json\/wp\/v2\/comments?post=10018"}],"version-history":[{"count":0,"href":"https:\/\/www.scbournak.cz\/index.php\/wp-json\/wp\/v2\/posts\/10018\/revisions"}],"wp:attachment":[{"href":"https:\/\/www.scbournak.cz\/index.php\/wp-json\/wp\/v2\/media?parent=10018"}],"wp:term":[{"taxonomy":"category","embeddable":true,"href":"https:\/\/www.scbournak.cz\/index.php\/wp-json\/wp\/v2\/categories?post=10018"},{"taxonomy":"post_tag","embeddable":true,"href":"https:\/\/www.scbournak.cz\/index.php\/wp-json\/wp\/v2\/tags?post=10018"}],"curies":[{"name":"wp","href":"https:\/\/api.w.org\/{rel}","templated":true}]}}