{"id":10087,"date":"2023-12-03T18:36:25","date_gmt":"2023-12-03T18:36:25","guid":{"rendered":"https:\/\/www.facebook.com\/515004407292149\/posts\/858672616258658"},"modified":"2023-12-05T11:13:15","modified_gmt":"2023-12-05T11:13:15","slug":"vazeni-priznivci-naseho-lyzarskeho-strediska-235846291326_858672616258658","status":"publish","type":"post","link":"https:\/\/www.scbournak.cz\/index.php\/2023\/12\/03\/vazeni-priznivci-naseho-lyzarskeho-strediska-235846291326_858672616258658\/","title":{"rendered":"V\u00e1\u017een\u00ed p\u0159\u00edznivci na\u0161eho ly\u017ea\u0159sk\u00e9ho st\u0159ediska,"},"content":{"rendered":"<div class=\"text-element content-element\">\nV\u00e1\u017een\u00ed p\u0159\u00edznivci na\u0161eho ly\u017ea\u0159sk\u00e9ho st\u0159ediska, <\/p>\n<p>d\u011bkujeme za n\u00e1v\u0161t\u011bvu na\u0161eho are\u00e1lu a p\u016fj\u010dovny, servisu ly\u017e\u00ed SCB Ski Rental and Service v prvn\u00edm ly\u017ea\u0159sk\u00e9m v\u00edkendu t\u00e9to sezony.<br \/>\nZ\u00edtra 4.12. bude st\u0159edisko uzav\u0159eno z d\u016fvodu technologick\u00e9 p\u0159est\u00e1vky.<\/p>\n<p>D\u011bkujeme za pochopen\u00ed<\/p>\n<p>Dal\u0161\u00ed informace o provozu are\u00e1lu, m\u016f\u017eete sledovat op\u011bt zde na na\u0161em Facebookov\u00e9m profil, Instagramu a webov\u00fdch st\u00e1nk\u00e1ch www.scbournak.cz<br \/>\nT\u011b\u0161\u00edme se op\u011bt na va\u0161\u00ed n\u00e1v\u0161t\u011bvu.<\/p><\/div>\n","protected":false},"excerpt":{"rendered":"<p>V\u00e1\u017een\u00ed p\u0159\u00edznivci na\u0161eho ly\u017ea\u0159sk\u00e9ho st\u0159ediska, d\u011bkujeme za n\u00e1v\u0161t\u011bvu na\u0161eho are\u00e1lu a p\u016fj\u010dovny, servisu ly\u017e\u00ed SCB Ski Rental and Service v prvn\u00edm ly\u017ea\u0159sk\u00e9m v\u00edkendu t\u00e9to sezony. Z\u00edtra 4.12. bude st\u0159edisko uzav\u0159eno z d\u016fvodu technologick\u00e9 p\u0159est\u00e1vky. D\u011bkujeme za pochopen\u00ed Dal\u0161\u00ed informace o provozu are\u00e1lu, m\u016f\u017eete sledovat op\u011bt zde na na\u0161em Facebookov\u00e9m profil, Instagramu a webov\u00fdch st\u00e1nk\u00e1ch www.scbournak.cz [&hellip;]<\/p>\n","protected":false},"author":4,"featured_media":0,"comment_status":"","ping_status":"","sticky":false,"template":"","format":"standard","meta":{"ngg_post_thumbnail":0},"categories":[42],"tags":[],"_links":{"self":[{"href":"https:\/\/www.scbournak.cz\/index.php\/wp-json\/wp\/v2\/posts\/10087"}],"collection":[{"href":"https:\/\/www.scbournak.cz\/index.php\/wp-json\/wp\/v2\/posts"}],"about":[{"href":"https:\/\/www.scbournak.cz\/index.php\/wp-json\/wp\/v2\/types\/post"}],"author":[{"embeddable":true,"href":"https:\/\/www.scbournak.cz\/index.php\/wp-json\/wp\/v2\/users\/4"}],"replies":[{"embeddable":true,"href":"https:\/\/www.scbournak.cz\/index.php\/wp-json\/wp\/v2\/comments?post=10087"}],"version-history":[{"count":0,"href":"https:\/\/www.scbournak.cz\/index.php\/wp-json\/wp\/v2\/posts\/10087\/revisions"}],"wp:attachment":[{"href":"https:\/\/www.scbournak.cz\/index.php\/wp-json\/wp\/v2\/media?parent=10087"}],"wp:term":[{"taxonomy":"category","embeddable":true,"href":"https:\/\/www.scbournak.cz\/index.php\/wp-json\/wp\/v2\/categories?post=10087"},{"taxonomy":"post_tag","embeddable":true,"href":"https:\/\/www.scbournak.cz\/index.php\/wp-json\/wp\/v2\/tags?post=10087"}],"curies":[{"name":"wp","href":"https:\/\/api.w.org\/{rel}","templated":true}]}}