{"id":10336,"date":"2025-01-09T09:39:00","date_gmt":"2025-01-09T09:39:00","guid":{"rendered":"https:\/\/www.facebook.com\/share\/p\/19uMGvjZPS\/"},"modified":"2025-01-09T09:50:24","modified_gmt":"2025-01-09T09:50:24","slug":"vazeni-priznivci-naseho-lyzarskeho-strediska-2099243733","status":"publish","type":"post","link":"https:\/\/www.scbournak.cz\/index.php\/2025\/01\/09\/vazeni-priznivci-naseho-lyzarskeho-strediska-2099243733\/","title":{"rendered":"V\u00e1\u017een\u00ed p\u0159\u00edznivci na\u0161eho ly\u017ea\u0159sk\u00e9ho st\u0159ediska,"},"content":{"rendered":"<div class=\"text-element content-element\">\nV\u00e1\u017een\u00ed p\u0159\u00edznivci na\u0161eho ly\u017ea\u0159sk\u00e9ho st\u0159ediska,<\/p>\n<p>s radost\u00ed V\u00e1m oznamujeme, \u017ee vzhledem k p\u0159\u00edzniv\u00e9mu v\u00fdvoji po\u010das\u00ed a na\u0161emu zasn\u011b\u017eov\u00e1n\u00ed, v sobotu 11.1. 2025 a ned\u011bli 12.1. 2025 pro V\u00e1s otev\u0159eme \u00dadol\u00ed\u010dko a cvi\u010dnou louku Mikeska.<br \/>\nStejn\u011b tak, se sna\u017e\u00edme na tento v\u00edkend zprovoznit Slalom\u00e1k. Fin\u00e1ln\u00ed zpr\u00e1vu V\u00e1m p\u0159ineseme z\u00edtra odpoledne.<\/p>\n<p>Provoz v na\u0161em sportcentru bude od 09.00 h do 16.00 h.<br \/>\nPokladna bude otev\u0159ena v Mikulov\u011b<br \/>\nParkovi\u0161t\u011b v Mikulov\u011b je pro n\u00e1v\u0161t\u011bvn\u00edky sportcentra zdarma.<\/p>\n<p>Dal\u0161\u00ed informace o provozu are\u00e1lu, m\u016f\u017eete sledovat op\u011bt zde na na\u0161em Facebookov\u00e9m profil, Instagramu a webov\u00fdch st\u00e1nk\u00e1ch www.scbournak.cz<br \/>\nT\u011b\u0161\u00edme se na va\u0161\u00ed n\u00e1v\u0161t\u011bvu.<\/p><\/div>\n","protected":false},"excerpt":{"rendered":"<p>V\u00e1\u017een\u00ed p\u0159\u00edznivci na\u0161eho ly\u017ea\u0159sk\u00e9ho st\u0159ediska, s radost\u00ed V\u00e1m oznamujeme, \u017ee vzhledem k p\u0159\u00edzniv\u00e9mu v\u00fdvoji po\u010das\u00ed a na\u0161emu zasn\u011b\u017eov\u00e1n\u00ed, v sobotu 11.1. 2025 a ned\u011bli 12.1. 2025 pro V\u00e1s otev\u0159eme \u00dadol\u00ed\u010dko a cvi\u010dnou louku Mikeska. Stejn\u011b tak, se sna\u017e\u00edme na tento v\u00edkend zprovoznit Slalom\u00e1k. Fin\u00e1ln\u00ed zpr\u00e1vu V\u00e1m p\u0159ineseme z\u00edtra odpoledne. Provoz v na\u0161em sportcentru bude od [&hellip;]<\/p>\n","protected":false},"author":4,"featured_media":0,"comment_status":"","ping_status":"","sticky":false,"template":"","format":"standard","meta":{"ngg_post_thumbnail":0},"categories":[42],"tags":[],"_links":{"self":[{"href":"https:\/\/www.scbournak.cz\/index.php\/wp-json\/wp\/v2\/posts\/10336"}],"collection":[{"href":"https:\/\/www.scbournak.cz\/index.php\/wp-json\/wp\/v2\/posts"}],"about":[{"href":"https:\/\/www.scbournak.cz\/index.php\/wp-json\/wp\/v2\/types\/post"}],"author":[{"embeddable":true,"href":"https:\/\/www.scbournak.cz\/index.php\/wp-json\/wp\/v2\/users\/4"}],"replies":[{"embeddable":true,"href":"https:\/\/www.scbournak.cz\/index.php\/wp-json\/wp\/v2\/comments?post=10336"}],"version-history":[{"count":0,"href":"https:\/\/www.scbournak.cz\/index.php\/wp-json\/wp\/v2\/posts\/10336\/revisions"}],"wp:attachment":[{"href":"https:\/\/www.scbournak.cz\/index.php\/wp-json\/wp\/v2\/media?parent=10336"}],"wp:term":[{"taxonomy":"category","embeddable":true,"href":"https:\/\/www.scbournak.cz\/index.php\/wp-json\/wp\/v2\/categories?post=10336"},{"taxonomy":"post_tag","embeddable":true,"href":"https:\/\/www.scbournak.cz\/index.php\/wp-json\/wp\/v2\/tags?post=10336"}],"curies":[{"name":"wp","href":"https:\/\/api.w.org\/{rel}","templated":true}]}}