{"id":10396,"date":"2025-02-13T08:13:00","date_gmt":"2025-02-13T08:13:00","guid":{"rendered":"https:\/\/www.facebook.com\/share\/v\/1EFhx8wGB6\/?p=10396"},"modified":"2025-02-13T08:21:43","modified_gmt":"2025-02-13T08:21:43","slug":"dnes-ve-ctvrtek-13-2-bude-planovane-vecerni-lyzovani-na-slalomaku-v-obvyklem-case-od-18-00-do-21-00-210869374","status":"publish","type":"post","link":"https:\/\/www.scbournak.cz\/index.php\/2025\/02\/13\/dnes-ve-ctvrtek-13-2-bude-planovane-vecerni-lyzovani-na-slalomaku-v-obvyklem-case-od-18-00-do-21-00-210869374\/","title":{"rendered":"Dnes, ve \u010dtvrtek 13.2. bude pl\u00e1novan\u00e9 ve\u010dern\u00ed ly\u017eov\u00e1n\u00ed na  slalom\u00e1ku v obvykl\u00e9m \u010dase od 18.00 do 21.00"},"content":{"rendered":"<div class=\"text-element content-element\">\nDnes, ve \u010dtvrtek 13.2. bude pl\u00e1novan\u00e9 ve\u010dern\u00ed ly\u017eov\u00e1n\u00ed na  slalom\u00e1ku v obvykl\u00e9m \u010dase od 18.00 do 21.00<br \/>\nV p\u00e1tek a o v\u00edkendu bude  v provozu slalom\u00e1k, \u00fadol\u00ed\u010dko a cvi\u010dn\u00e1 louka Mikeska.<br \/>\nSjezdovka \u010d.5 , \u010d.4 , \u010d.3 a Hrobsk\u00e1 jsou zat\u00edm zav\u0159en\u00e9 a nesj\u00edzdn\u00e9.<br \/>\nPokud by se n\u00e1m povedlo n\u011bkterou zm\u00edn\u011bnou sjezdovou trat zprovoznit na v\u00edkend, informace bude up\u0159esn\u011bna z\u00edtra.<br \/>\nPokladna bude otev\u0159ena v Mikulov\u011b.<br \/>\nProvoz st\u0159ediska v p\u00e1tek a o v\u00edkendu je od 9.00 do 16.00<br \/>\nP\u016fj\u010dovna a servis ly\u017e\u00ed SCB Ski Rental and Service bude pro V\u00e1s otev\u0159ena od 8:30 do 16:30 a v \u010dase \u010dtvrte\u010dn\u00edho ve\u010dern\u00edho ly\u017eov\u00e1n\u00ed.<br \/>\nDal\u0161\u00ed informace zde, na na\u0161em fb a na\u0161em webu scbournak.cz<br \/>\nD\u011bkujeme a t\u011b\u0161\u00edme se na V\u00e1s.<\/div>\n","protected":false},"excerpt":{"rendered":"<p>Dnes, ve \u010dtvrtek 13.2. bude pl\u00e1novan\u00e9 ve\u010dern\u00ed ly\u017eov\u00e1n\u00ed na slalom\u00e1ku v obvykl\u00e9m \u010dase od 18.00 do 21.00 V p\u00e1tek a o v\u00edkendu bude v provozu slalom\u00e1k, \u00fadol\u00ed\u010dko a cvi\u010dn\u00e1 louka Mikeska. Sjezdovka \u010d.5 , \u010d.4 , \u010d.3 a Hrobsk\u00e1 jsou zat\u00edm zav\u0159en\u00e9 a nesj\u00edzdn\u00e9. Pokud by se n\u00e1m povedlo n\u011bkterou zm\u00edn\u011bnou sjezdovou trat zprovoznit na [&hellip;]<\/p>\n","protected":false},"author":4,"featured_media":0,"comment_status":"","ping_status":"","sticky":false,"template":"","format":"standard","meta":{"ngg_post_thumbnail":0},"categories":[42],"tags":[],"_links":{"self":[{"href":"https:\/\/www.scbournak.cz\/index.php\/wp-json\/wp\/v2\/posts\/10396"}],"collection":[{"href":"https:\/\/www.scbournak.cz\/index.php\/wp-json\/wp\/v2\/posts"}],"about":[{"href":"https:\/\/www.scbournak.cz\/index.php\/wp-json\/wp\/v2\/types\/post"}],"author":[{"embeddable":true,"href":"https:\/\/www.scbournak.cz\/index.php\/wp-json\/wp\/v2\/users\/4"}],"replies":[{"embeddable":true,"href":"https:\/\/www.scbournak.cz\/index.php\/wp-json\/wp\/v2\/comments?post=10396"}],"version-history":[{"count":0,"href":"https:\/\/www.scbournak.cz\/index.php\/wp-json\/wp\/v2\/posts\/10396\/revisions"}],"wp:attachment":[{"href":"https:\/\/www.scbournak.cz\/index.php\/wp-json\/wp\/v2\/media?parent=10396"}],"wp:term":[{"taxonomy":"category","embeddable":true,"href":"https:\/\/www.scbournak.cz\/index.php\/wp-json\/wp\/v2\/categories?post=10396"},{"taxonomy":"post_tag","embeddable":true,"href":"https:\/\/www.scbournak.cz\/index.php\/wp-json\/wp\/v2\/tags?post=10396"}],"curies":[{"name":"wp","href":"https:\/\/api.w.org\/{rel}","templated":true}]}}