{"id":10404,"date":"2025-02-19T07:18:00","date_gmt":"2025-02-19T07:18:00","guid":{"rendered":"https:\/\/www.facebook.com\/share\/v\/1EFhx8wGB6\/?p=10404"},"modified":"2025-02-19T07:25:17","modified_gmt":"2025-02-19T07:25:17","slug":"vazeni-priznivci-naseho-sportcentra-3375120285","status":"publish","type":"post","link":"https:\/\/www.scbournak.cz\/index.php\/2025\/02\/19\/vazeni-priznivci-naseho-sportcentra-3375120285\/","title":{"rendered":"V\u00e1\u017een\u00ed p\u0159\u00edznivci na\u0161eho sportcentra,"},"content":{"rendered":"<div class=\"text-element content-element\">\nV\u00e1\u017een\u00ed p\u0159\u00edznivci na\u0161eho sportcentra,<br \/>\nod \u010dtvrtka 20.2.2025 zahajujeme ka\u017edodenn\u00ed provoz v na\u0161em ly\u017ea\u0159sk\u00e9m st\u0159edisku.<br \/>\nV provozu jsou sjezdov\u00e9 trat\u011b Slalom\u00e1k, \u00dadol\u00ed\u010dko a Cvi\u010dn\u00e1 louka. Sezdovky \u010d.3, 4 a 5 jsou sj\u00edzdn\u00e9 na p\u0159\u00edrodn\u00edm sn\u011bhu se zv\u00fd\u0161enou opatrnost\u00ed.<br \/>\nDosn\u011b\u017eujeme sjezdovou tra\u0165 Hrobsk\u00e1, kter\u00e1 by m\u011bla b\u00fdt  v provozu od soboty 22.2.2025.<br \/>\nP\u016fj\u010dovna a servis ly\u017e\u00ed SCB Ski Rental and Service je pro V\u00e1s otev\u0159ena:<br \/>\nSobota od 8:30 do 16:30<br \/>\nNed\u011ble od 8:30 do 16:30<br \/>\nProvozn\u00ed doba sportcentra je od 09.00 do 16.00 hodin, pokladna a parkovi\u0161t\u011b je pro n\u00e1v\u0161t\u011bvn\u00edky k dispozici v Mikulov\u011b.<br \/>\nD\u011bkujeme a t\u011b\u0161\u00edme se na V\u00e1s<\/div>\n","protected":false},"excerpt":{"rendered":"<p>V\u00e1\u017een\u00ed p\u0159\u00edznivci na\u0161eho sportcentra, od \u010dtvrtka 20.2.2025 zahajujeme ka\u017edodenn\u00ed provoz v na\u0161em ly\u017ea\u0159sk\u00e9m st\u0159edisku. V provozu jsou sjezdov\u00e9 trat\u011b Slalom\u00e1k, \u00dadol\u00ed\u010dko a Cvi\u010dn\u00e1 louka. Sezdovky \u010d.3, 4 a 5 jsou sj\u00edzdn\u00e9 na p\u0159\u00edrodn\u00edm sn\u011bhu se zv\u00fd\u0161enou opatrnost\u00ed. Dosn\u011b\u017eujeme sjezdovou tra\u0165 Hrobsk\u00e1, kter\u00e1 by m\u011bla b\u00fdt v provozu od soboty 22.2.2025. P\u016fj\u010dovna a servis ly\u017e\u00ed SCB [&hellip;]<\/p>\n","protected":false},"author":4,"featured_media":0,"comment_status":"","ping_status":"","sticky":false,"template":"","format":"standard","meta":{"ngg_post_thumbnail":0},"categories":[42],"tags":[],"_links":{"self":[{"href":"https:\/\/www.scbournak.cz\/index.php\/wp-json\/wp\/v2\/posts\/10404"}],"collection":[{"href":"https:\/\/www.scbournak.cz\/index.php\/wp-json\/wp\/v2\/posts"}],"about":[{"href":"https:\/\/www.scbournak.cz\/index.php\/wp-json\/wp\/v2\/types\/post"}],"author":[{"embeddable":true,"href":"https:\/\/www.scbournak.cz\/index.php\/wp-json\/wp\/v2\/users\/4"}],"replies":[{"embeddable":true,"href":"https:\/\/www.scbournak.cz\/index.php\/wp-json\/wp\/v2\/comments?post=10404"}],"version-history":[{"count":0,"href":"https:\/\/www.scbournak.cz\/index.php\/wp-json\/wp\/v2\/posts\/10404\/revisions"}],"wp:attachment":[{"href":"https:\/\/www.scbournak.cz\/index.php\/wp-json\/wp\/v2\/media?parent=10404"}],"wp:term":[{"taxonomy":"category","embeddable":true,"href":"https:\/\/www.scbournak.cz\/index.php\/wp-json\/wp\/v2\/categories?post=10404"},{"taxonomy":"post_tag","embeddable":true,"href":"https:\/\/www.scbournak.cz\/index.php\/wp-json\/wp\/v2\/tags?post=10404"}],"curies":[{"name":"wp","href":"https:\/\/api.w.org\/{rel}","templated":true}]}}