{"id":10426,"date":"2025-11-25T14:42:00","date_gmt":"2025-11-25T14:42:00","guid":{"rendered":"http:\/\/www.scbournak.cz\/?p=10426"},"modified":"2025-11-27T08:53:39","modified_gmt":"2025-11-27T08:53:39","slug":"vazeni-priznivci-naseho-lyzarskeho-strediska-3002531660","status":"publish","type":"post","link":"https:\/\/www.scbournak.cz\/index.php\/2025\/11\/25\/vazeni-priznivci-naseho-lyzarskeho-strediska-3002531660\/","title":{"rendered":"V\u00e1\u017een\u00ed p\u0159\u00edznivci na\u0161eho ly\u017ea\u0159sk\u00e9ho st\u0159ediska,"},"content":{"rendered":"<div class=\"text-element content-element\">\nV\u00e1\u017een\u00ed p\u0159\u00edznivci na\u0161eho ly\u017ea\u0159sk\u00e9ho st\u0159ediska,<br \/>\nr\u00e1di bychom V\u00e1s informovali, \u017ee po letn\u00ed p\u0159est\u00e1vce, kter\u00e1 byla vyu\u017eita k nutn\u00fdm oprav\u00e1m, \u00faprav\u00e1m a reviz\u00edm, je are\u00e1l p\u0159ipraven na zimn\u00ed sez\u00f3nu.<br \/>\nV\u0161ichni v\u00edte, \u017ee podm\u00ednkou pro zah\u00e1jen\u00ed provozu je nutn\u00fd dostatek p\u0159\u00edrodn\u00edho sn\u011bhu (cca 35 cm, jinak nelze sjezdovky upravit rolbami) a p\u0159\u00edpadn\u011b zasn\u011b\u017eovat (teplota -4 stupn\u011b Celsia, cca 10 dn\u016f &#8211; rozloha are\u00e1lu). Sou\u010dasn\u00fd stav v\u00fdvoje po\u010das\u00ed n\u00e1s napl\u0148uje optimismem. Doufejme, \u017ee bychom mohli spustit n\u011bkter\u00e9 trat\u011b v are\u00e1lu ji\u017e v pr\u016fb\u011bhu prosince na p\u0159\u00edrodn\u00edm sn\u011bhu.<br \/>\nDal\u0161\u00ed informace, m\u016f\u017eete sledovat op\u011bt zde na na\u0161em Facebookov\u00e9m profil, Instagramu a webov\u00fdch  st\u00e1nk\u00e1ch www.scbournak.cz<br \/>\nD\u011bkujeme<\/div>\n","protected":false},"excerpt":{"rendered":"<p>V\u00e1\u017een\u00ed p\u0159\u00edznivci na\u0161eho ly\u017ea\u0159sk\u00e9ho st\u0159ediska, r\u00e1di bychom V\u00e1s informovali, \u017ee po letn\u00ed p\u0159est\u00e1vce, kter\u00e1 byla vyu\u017eita k nutn\u00fdm oprav\u00e1m, \u00faprav\u00e1m a reviz\u00edm, je are\u00e1l p\u0159ipraven na zimn\u00ed sez\u00f3nu. V\u0161ichni v\u00edte, \u017ee podm\u00ednkou pro zah\u00e1jen\u00ed provozu je nutn\u00fd dostatek p\u0159\u00edrodn\u00edho sn\u011bhu (cca 35 cm, jinak nelze sjezdovky upravit rolbami) a p\u0159\u00edpadn\u011b zasn\u011b\u017eovat (teplota -4 stupn\u011b Celsia, [&hellip;]<\/p>\n","protected":false},"author":4,"featured_media":0,"comment_status":"","ping_status":"","sticky":false,"template":"","format":"standard","meta":{"ngg_post_thumbnail":0},"categories":[42],"tags":[],"_links":{"self":[{"href":"https:\/\/www.scbournak.cz\/index.php\/wp-json\/wp\/v2\/posts\/10426"}],"collection":[{"href":"https:\/\/www.scbournak.cz\/index.php\/wp-json\/wp\/v2\/posts"}],"about":[{"href":"https:\/\/www.scbournak.cz\/index.php\/wp-json\/wp\/v2\/types\/post"}],"author":[{"embeddable":true,"href":"https:\/\/www.scbournak.cz\/index.php\/wp-json\/wp\/v2\/users\/4"}],"replies":[{"embeddable":true,"href":"https:\/\/www.scbournak.cz\/index.php\/wp-json\/wp\/v2\/comments?post=10426"}],"version-history":[{"count":0,"href":"https:\/\/www.scbournak.cz\/index.php\/wp-json\/wp\/v2\/posts\/10426\/revisions"}],"wp:attachment":[{"href":"https:\/\/www.scbournak.cz\/index.php\/wp-json\/wp\/v2\/media?parent=10426"}],"wp:term":[{"taxonomy":"category","embeddable":true,"href":"https:\/\/www.scbournak.cz\/index.php\/wp-json\/wp\/v2\/categories?post=10426"},{"taxonomy":"post_tag","embeddable":true,"href":"https:\/\/www.scbournak.cz\/index.php\/wp-json\/wp\/v2\/tags?post=10426"}],"curies":[{"name":"wp","href":"https:\/\/api.w.org\/{rel}","templated":true}]}}