{"id":10491,"date":"2026-01-09T14:08:00","date_gmt":"2026-01-09T14:08:00","guid":{"rendered":"http:\/\/www.scbournak.cz\/?p=10491"},"modified":"2026-01-09T14:55:00","modified_gmt":"2026-01-09T14:55:00","slug":"vazeni-priznivci-naseho-lyzarskeho-strediska-706291326","status":"publish","type":"post","link":"https:\/\/www.scbournak.cz\/index.php\/2026\/01\/09\/vazeni-priznivci-naseho-lyzarskeho-strediska-706291326\/","title":{"rendered":"V\u00e1\u017een\u00ed p\u0159\u00edznivci na\u0161eho ly\u017ea\u0159sk\u00e9ho st\u0159ediska,"},"content":{"rendered":"<div class=\"text-element content-element\">\nV\u00e1\u017een\u00ed p\u0159\u00edznivci na\u0161eho ly\u017ea\u0159sk\u00e9ho st\u0159ediska,<br \/>\nup\u0159es\u0148ujeme informace o provozu na sobotu 10.1. 2026 a ned\u011bli 11.1. 2026<br \/>\nOtev\u0159eme pro V\u00e1s \u00dadol\u00ed\u010dko, cvi\u010dnou louku Mikeska, kde prob\u00edhalo dosn\u011b\u017eov\u00e1n\u00ed a Slalom\u00e1k, kter\u00fd je z 3\/4 na technick\u00e9m sn\u011bhu a vrchn\u00ed 1\/4 na p\u0159\u00edrodn\u00edm sn\u011bhu.<br \/>\nProvoz v na\u0161em sportcentru bude od 09.00 h do 16.00 h.<br \/>\nPokladna bude otev\u0159ena v Mikulov\u011b<br \/>\nParkovi\u0161t\u011b v Mikulov\u011b je pro n\u00e1v\u0161t\u011bvn\u00edky sportcentra zdarma.<br \/>\nP\u016fj\u010dovna a servis ly\u017e\u00ed SCB Ski Rental and Service bude pro V\u00e1s otev\u0159ena:<br \/>\nSobota od 8:30 do 16:30<br \/>\nNed\u011ble od 8:30 do 16:30<br \/>\nDal\u0161\u00ed informace o provozu are\u00e1lu, m\u016f\u017eete sledovat op\u011bt zde na na\u0161em Facebookov\u00e9m profil, Instagramu a webov\u00fdch st\u00e1nk\u00e1ch www.scbournak.cz<br \/>\nD\u011bkujeme a t\u011b\u0161\u00edme se na V\u00e1s.<\/div>\n","protected":false},"excerpt":{"rendered":"<p>V\u00e1\u017een\u00ed p\u0159\u00edznivci na\u0161eho ly\u017ea\u0159sk\u00e9ho st\u0159ediska, up\u0159es\u0148ujeme informace o provozu na sobotu 10.1. 2026 a ned\u011bli 11.1. 2026 Otev\u0159eme pro V\u00e1s \u00dadol\u00ed\u010dko, cvi\u010dnou louku Mikeska, kde prob\u00edhalo dosn\u011b\u017eov\u00e1n\u00ed a Slalom\u00e1k, kter\u00fd je z 3\/4 na technick\u00e9m sn\u011bhu a vrchn\u00ed 1\/4 na p\u0159\u00edrodn\u00edm sn\u011bhu. Provoz v na\u0161em sportcentru bude od 09.00 h do 16.00 h. Pokladna bude [&hellip;]<\/p>\n","protected":false},"author":4,"featured_media":0,"comment_status":"","ping_status":"","sticky":false,"template":"","format":"standard","meta":{"ngg_post_thumbnail":0},"categories":[42],"tags":[],"_links":{"self":[{"href":"https:\/\/www.scbournak.cz\/index.php\/wp-json\/wp\/v2\/posts\/10491"}],"collection":[{"href":"https:\/\/www.scbournak.cz\/index.php\/wp-json\/wp\/v2\/posts"}],"about":[{"href":"https:\/\/www.scbournak.cz\/index.php\/wp-json\/wp\/v2\/types\/post"}],"author":[{"embeddable":true,"href":"https:\/\/www.scbournak.cz\/index.php\/wp-json\/wp\/v2\/users\/4"}],"replies":[{"embeddable":true,"href":"https:\/\/www.scbournak.cz\/index.php\/wp-json\/wp\/v2\/comments?post=10491"}],"version-history":[{"count":0,"href":"https:\/\/www.scbournak.cz\/index.php\/wp-json\/wp\/v2\/posts\/10491\/revisions"}],"wp:attachment":[{"href":"https:\/\/www.scbournak.cz\/index.php\/wp-json\/wp\/v2\/media?parent=10491"}],"wp:term":[{"taxonomy":"category","embeddable":true,"href":"https:\/\/www.scbournak.cz\/index.php\/wp-json\/wp\/v2\/categories?post=10491"},{"taxonomy":"post_tag","embeddable":true,"href":"https:\/\/www.scbournak.cz\/index.php\/wp-json\/wp\/v2\/tags?post=10491"}],"curies":[{"name":"wp","href":"https:\/\/api.w.org\/{rel}","templated":true}]}}