{"id":8790,"date":"2020-02-02T19:57:46","date_gmt":"2020-02-02T19:57:46","guid":{"rendered":"https:\/\/www.facebook.com\/235846291326\/posts\/10157688812111327\/"},"modified":"2020-02-02T20:15:47","modified_gmt":"2020-02-02T20:15:47","slug":"vzhledem-k-nepriznivemu-pocasi-vysoke-teploty-a-dest-bude-od-3-2-2020-do-odvolani-prerusen-provoz-na-vsech-sjezdovkach-naseho-lyzarskeho-stredisk-235846291326_10157688812111327","status":"publish","type":"post","link":"https:\/\/www.scbournak.cz\/index.php\/2020\/02\/02\/vzhledem-k-nepriznivemu-pocasi-vysoke-teploty-a-dest-bude-od-3-2-2020-do-odvolani-prerusen-provoz-na-vsech-sjezdovkach-naseho-lyzarskeho-stredisk-235846291326_10157688812111327\/","title":{"rendered":"Vzhledem k nep\u0159\u00edzniv\u00e9mu po\u010das\u00ed (vysok\u00e9 teploty a d\u00e9\u0161\u0165) bude od 3.2.2020 do odvol\u00e1n\u00ed p\u0159eru\u0161en provoz na v\u0161ech sjezdovk\u00e1ch na\u0161eho ly\u017ea\u0159sk\u00e9ho st\u0159edisk&#8230;"},"content":{"rendered":"<div class=\"text-element content-element\">\nVzhledem k nep\u0159\u00edzniv\u00e9mu po\u010das\u00ed (vysok\u00e9 teploty a d\u00e9\u0161\u0165) bude od 3.2.2020 do odvol\u00e1n\u00ed p\u0159eru\u0161en provoz na v\u0161ech sjezdovk\u00e1ch na\u0161eho ly\u017ea\u0159sk\u00e9ho st\u0159ediska. Sledujte n\u00e1\u0161 facebook a webov\u00e9 str\u00e1nky, kde v\u00e1s budeme o dal\u0161\u00edm provozu informovat.<\/div>\n","protected":false},"excerpt":{"rendered":"<p>Vzhledem k nep\u0159\u00edzniv\u00e9mu po\u010das\u00ed (vysok\u00e9 teploty a d\u00e9\u0161\u0165) bude od 3.2.2020 do odvol\u00e1n\u00ed p\u0159eru\u0161en provoz na v\u0161ech sjezdovk\u00e1ch na\u0161eho ly\u017ea\u0159sk\u00e9ho st\u0159ediska. Sledujte n\u00e1\u0161 facebook a webov\u00e9 str\u00e1nky, kde v\u00e1s budeme o dal\u0161\u00edm provozu informovat.<\/p>\n","protected":false},"author":4,"featured_media":0,"comment_status":"","ping_status":"","sticky":false,"template":"","format":"standard","meta":{"ngg_post_thumbnail":0},"categories":[42],"tags":[],"_links":{"self":[{"href":"https:\/\/www.scbournak.cz\/index.php\/wp-json\/wp\/v2\/posts\/8790"}],"collection":[{"href":"https:\/\/www.scbournak.cz\/index.php\/wp-json\/wp\/v2\/posts"}],"about":[{"href":"https:\/\/www.scbournak.cz\/index.php\/wp-json\/wp\/v2\/types\/post"}],"author":[{"embeddable":true,"href":"https:\/\/www.scbournak.cz\/index.php\/wp-json\/wp\/v2\/users\/4"}],"replies":[{"embeddable":true,"href":"https:\/\/www.scbournak.cz\/index.php\/wp-json\/wp\/v2\/comments?post=8790"}],"version-history":[{"count":0,"href":"https:\/\/www.scbournak.cz\/index.php\/wp-json\/wp\/v2\/posts\/8790\/revisions"}],"wp:attachment":[{"href":"https:\/\/www.scbournak.cz\/index.php\/wp-json\/wp\/v2\/media?parent=8790"}],"wp:term":[{"taxonomy":"category","embeddable":true,"href":"https:\/\/www.scbournak.cz\/index.php\/wp-json\/wp\/v2\/categories?post=8790"},{"taxonomy":"post_tag","embeddable":true,"href":"https:\/\/www.scbournak.cz\/index.php\/wp-json\/wp\/v2\/tags?post=8790"}],"curies":[{"name":"wp","href":"https:\/\/api.w.org\/{rel}","templated":true}]}}