{"id":9781,"date":"2021-02-14T17:28:11","date_gmt":"2021-02-14T17:28:11","guid":{"rendered":"https:\/\/www.facebook.com\/235846291326\/posts\/10158789949151327\/"},"modified":"2021-02-14T17:28:11","modified_gmt":"2021-02-14T17:28:11","slug":"vazeni-priznivci-naseho-sportovniho-arealu-235846291326_10158789949151327","status":"publish","type":"post","link":"https:\/\/www.scbournak.cz\/index.php\/2021\/02\/14\/vazeni-priznivci-naseho-sportovniho-arealu-235846291326_10158789949151327\/","title":{"rendered":"V\u00e1\u017een\u00ed p\u0159\u00edznivci na\u0161eho sportovn\u00edho are\u00e1lu,"},"content":{"rendered":"<div class=\"text-element content-element\">\nV\u00e1\u017een\u00ed p\u0159\u00edznivci na\u0161eho sportovn\u00edho are\u00e1lu,<br \/>\nje n\u00e1m to velice l\u00edto, ale i p\u0159es ve\u0161ker\u00e9 na\u0161e snahy, v\u010detn\u011b dne\u0161n\u00edch celodenn\u00edch p\u0159\u00edprav, st\u00e1le nem\u016f\u017eeme z d\u016fvodu nov\u011b na\u0159\u00edzen\u00e9ho nouzov\u00e9ho stavu vyhl\u00e1\u0161en\u00e9ho Vl\u00e1dou \u010cesk\u00e9 republiky z\u00edtra v\u0161e spustit. St\u0159edisko a ve\u0161ker\u00e9 jeho za\u0159\u00edzen\u00ed m\u00e1me pro v\u00e1s p\u0159ipraveno tak, \u017ee jakmile to bude mo\u017en\u00e9, obratem otev\u0159eme. V tuto dobu to bohu\u017eel nen\u00ed mo\u017en\u00e9. Velice se omlouv\u00e1me. Zachovejte n\u00e1m p\u0159\u00edze\u0148 a spole\u010dn\u011b doufejme, \u017ee to p\u016fjde je\u0161t\u011b tuto sez\u00f3nu.<\/div>\n","protected":false},"excerpt":{"rendered":"<p>V\u00e1\u017een\u00ed p\u0159\u00edznivci na\u0161eho sportovn\u00edho are\u00e1lu, je n\u00e1m to velice l\u00edto, ale i p\u0159es ve\u0161ker\u00e9 na\u0161e snahy, v\u010detn\u011b dne\u0161n\u00edch celodenn\u00edch p\u0159\u00edprav, st\u00e1le nem\u016f\u017eeme z d\u016fvodu nov\u011b na\u0159\u00edzen\u00e9ho nouzov\u00e9ho stavu vyhl\u00e1\u0161en\u00e9ho Vl\u00e1dou \u010cesk\u00e9 republiky z\u00edtra v\u0161e spustit. St\u0159edisko a ve\u0161ker\u00e9 jeho za\u0159\u00edzen\u00ed m\u00e1me pro v\u00e1s p\u0159ipraveno tak, \u017ee jakmile to bude mo\u017en\u00e9, obratem otev\u0159eme. V tuto dobu [&hellip;]<\/p>\n","protected":false},"author":4,"featured_media":0,"comment_status":"","ping_status":"","sticky":false,"template":"","format":"standard","meta":{"ngg_post_thumbnail":0},"categories":[42],"tags":[],"_links":{"self":[{"href":"https:\/\/www.scbournak.cz\/index.php\/wp-json\/wp\/v2\/posts\/9781"}],"collection":[{"href":"https:\/\/www.scbournak.cz\/index.php\/wp-json\/wp\/v2\/posts"}],"about":[{"href":"https:\/\/www.scbournak.cz\/index.php\/wp-json\/wp\/v2\/types\/post"}],"author":[{"embeddable":true,"href":"https:\/\/www.scbournak.cz\/index.php\/wp-json\/wp\/v2\/users\/4"}],"replies":[{"embeddable":true,"href":"https:\/\/www.scbournak.cz\/index.php\/wp-json\/wp\/v2\/comments?post=9781"}],"version-history":[{"count":0,"href":"https:\/\/www.scbournak.cz\/index.php\/wp-json\/wp\/v2\/posts\/9781\/revisions"}],"wp:attachment":[{"href":"https:\/\/www.scbournak.cz\/index.php\/wp-json\/wp\/v2\/media?parent=9781"}],"wp:term":[{"taxonomy":"category","embeddable":true,"href":"https:\/\/www.scbournak.cz\/index.php\/wp-json\/wp\/v2\/categories?post=9781"},{"taxonomy":"post_tag","embeddable":true,"href":"https:\/\/www.scbournak.cz\/index.php\/wp-json\/wp\/v2\/tags?post=9781"}],"curies":[{"name":"wp","href":"https:\/\/api.w.org\/{rel}","templated":true}]}}