{"id":9811,"date":"2019-02-16T10:04:41","date_gmt":"2019-02-16T10:04:41","guid":{"rendered":"https:\/\/www.facebook.com\/235846291326\/posts\/10156771838421327\/"},"modified":"2019-02-17T21:05:01","modified_gmt":"2019-02-17T21:05:01","slug":"snad-se-jednou-dockame-a-dame-odpocinout-noham-na-pekne-terase-v-lehatku-ci-na-lavici-s-dobrym-pitim-s-vuni-dobre-kavy-ci-grilovaneho-masa-prije-235846291326_10156771838421327","status":"publish","type":"post","link":"https:\/\/www.scbournak.cz\/index.php\/2019\/02\/16\/snad-se-jednou-dockame-a-dame-odpocinout-noham-na-pekne-terase-v-lehatku-ci-na-lavici-s-dobrym-pitim-s-vuni-dobre-kavy-ci-grilovaneho-masa-prije-235846291326_10156771838421327\/","title":{"rendered":"Snad se jednou do\u010dk\u00e1me a d\u00e1me odpo\u010dinout noh\u00e1m na p\u011bkn\u00e9 terase v leh\u00e1tku \u010di na lavici, s dobr\u00fdm pit\u00edm, s v\u016fn\u00ed dobr\u00e9 k\u00e1vy \u010di grilovan\u00e9ho masa, p\u0159\u00edje&#8230;"},"content":{"rendered":"<div class=\"text-element content-element\">\nSnad se jednou do\u010dk\u00e1me a d\u00e1me odpo\u010dinout noh\u00e1m na p\u011bkn\u00e9 terase v leh\u00e1tku \u010di na lavici, s dobr\u00fdm pit\u00edm, s v\u016fn\u00ed dobr\u00e9 k\u00e1vy \u010di grilovan\u00e9ho masa, p\u0159\u00edjemnou hudbou a \u00fa\u017easnou pohodou u Hotelu Bou\u0159\u0148\u00e1k. Nejenom hotel by si to zaslou\u017eil, ale hlavn\u011b n\u00e1v\u0161t\u011bvn\u00edci v zim\u011b i v l\u00e9t\u011b !<br \/>\nP\u0159i tomto po\u010das\u00ed \u010dlov\u011bk zapomene, \u017ee ani nejede na seda\u010dce lanovky&#8230;..:-))))<\/p>\n<p>Obl\u00edbenost kru\u0161nohorsk\u00e9ho \u201cAspenu\u201d roste, tak jako po\u010det obytn\u00fdch automobil\u016f na parkovi\u0161ti v Mikulov\u011b :-))))<\/p><\/div>\n","protected":false},"excerpt":{"rendered":"<p>Snad se jednou do\u010dk\u00e1me a d\u00e1me odpo\u010dinout noh\u00e1m na p\u011bkn\u00e9 terase v leh\u00e1tku \u010di na lavici, s dobr\u00fdm pit\u00edm, s v\u016fn\u00ed dobr\u00e9 k\u00e1vy \u010di grilovan\u00e9ho masa, p\u0159\u00edjemnou hudbou a \u00fa\u017easnou pohodou u Hotelu Bou\u0159\u0148\u00e1k. Nejenom hotel by si to zaslou\u017eil, ale hlavn\u011b n\u00e1v\u0161t\u011bvn\u00edci v zim\u011b i v l\u00e9t\u011b ! P\u0159i tomto po\u010das\u00ed \u010dlov\u011bk zapomene, \u017ee [&hellip;]<\/p>\n","protected":false},"author":4,"featured_media":0,"comment_status":"","ping_status":"","sticky":false,"template":"","format":"standard","meta":{"ngg_post_thumbnail":0},"categories":[42],"tags":[],"_links":{"self":[{"href":"https:\/\/www.scbournak.cz\/index.php\/wp-json\/wp\/v2\/posts\/9811"}],"collection":[{"href":"https:\/\/www.scbournak.cz\/index.php\/wp-json\/wp\/v2\/posts"}],"about":[{"href":"https:\/\/www.scbournak.cz\/index.php\/wp-json\/wp\/v2\/types\/post"}],"author":[{"embeddable":true,"href":"https:\/\/www.scbournak.cz\/index.php\/wp-json\/wp\/v2\/users\/4"}],"replies":[{"embeddable":true,"href":"https:\/\/www.scbournak.cz\/index.php\/wp-json\/wp\/v2\/comments?post=9811"}],"version-history":[{"count":0,"href":"https:\/\/www.scbournak.cz\/index.php\/wp-json\/wp\/v2\/posts\/9811\/revisions"}],"wp:attachment":[{"href":"https:\/\/www.scbournak.cz\/index.php\/wp-json\/wp\/v2\/media?parent=9811"}],"wp:term":[{"taxonomy":"category","embeddable":true,"href":"https:\/\/www.scbournak.cz\/index.php\/wp-json\/wp\/v2\/categories?post=9811"},{"taxonomy":"post_tag","embeddable":true,"href":"https:\/\/www.scbournak.cz\/index.php\/wp-json\/wp\/v2\/tags?post=9811"}],"curies":[{"name":"wp","href":"https:\/\/api.w.org\/{rel}","templated":true}]}}