{"id":9819,"date":"2019-02-10T13:25:33","date_gmt":"2019-02-10T13:25:33","guid":{"rendered":"https:\/\/www.facebook.com\/235846291326\/posts\/10156757970766327\/"},"modified":"2019-02-10T13:25:33","modified_gmt":"2019-02-10T13:25:33","slug":"i-pres-lehce-zhorsene-pocasi-a-otepleni-navstivilo-areal-sport-centra-bournak-opet-nekolik-stovek-lyzaru-235846291326_10156757970766327","status":"publish","type":"post","link":"https:\/\/www.scbournak.cz\/index.php\/2019\/02\/10\/i-pres-lehce-zhorsene-pocasi-a-otepleni-navstivilo-areal-sport-centra-bournak-opet-nekolik-stovek-lyzaru-235846291326_10156757970766327\/","title":{"rendered":"I p\u0159es lehce zhor\u0161en\u00e9 po\u010dasi a otepleni, nav\u0161tivilo are\u00e1l Sport centra Bou\u0159\u0148\u00e1k op\u011bt nekolik stovek ly\u017ea\u0159\u016f."},"content":{"rendered":"<div class=\"text-element content-element\">\nI p\u0159es lehce zhor\u0161en\u00e9 po\u010dasi a otepleni, nav\u0161tivilo are\u00e1l Sport centra Bou\u0159\u0148\u00e1k op\u011bt nekolik stovek ly\u017ea\u0159\u016f.<br \/>\nPo oba dva dny vyu\u017e\u00edvali v\u0161echny sjezdov\u00e9 trat\u011b a vleky.<br \/>\nParkovi\u0161t\u011b slou\u017eilo ly\u017ea\u0159\u016fm nejen v Mikulov\u011b, ale i na cest\u011b a louce k Hotelu Bou\u0159\u0148\u00e1k.<br \/>\nV\u011br\u00edme, \u017ee sjezdov\u00e9 trat\u011b \u201c zvl\u00e1dnou\u201d p\u0159echodn\u00e9 oteplen\u00ed a ly\u017ea\u0159i budou moc (minim\u00e1lne) aspo\u0148 je\u0161t\u011b m\u011bs\u00edc na\u0161e st\u0159edisko vyu\u017e\u00edvat. A to hlavn\u011b b\u011bhem jarn\u00edch pr\u00e1zdnin !<\/div>\n","protected":false},"excerpt":{"rendered":"<p>I p\u0159es lehce zhor\u0161en\u00e9 po\u010dasi a otepleni, nav\u0161tivilo are\u00e1l Sport centra Bou\u0159\u0148\u00e1k op\u011bt nekolik stovek ly\u017ea\u0159\u016f. Po oba dva dny vyu\u017e\u00edvali v\u0161echny sjezdov\u00e9 trat\u011b a vleky. Parkovi\u0161t\u011b slou\u017eilo ly\u017ea\u0159\u016fm nejen v Mikulov\u011b, ale i na cest\u011b a louce k Hotelu Bou\u0159\u0148\u00e1k. V\u011br\u00edme, \u017ee sjezdov\u00e9 trat\u011b \u201c zvl\u00e1dnou\u201d p\u0159echodn\u00e9 oteplen\u00ed a ly\u017ea\u0159i budou moc (minim\u00e1lne) aspo\u0148 [&hellip;]<\/p>\n","protected":false},"author":4,"featured_media":0,"comment_status":"","ping_status":"","sticky":false,"template":"","format":"standard","meta":{"ngg_post_thumbnail":0},"categories":[42],"tags":[],"_links":{"self":[{"href":"https:\/\/www.scbournak.cz\/index.php\/wp-json\/wp\/v2\/posts\/9819"}],"collection":[{"href":"https:\/\/www.scbournak.cz\/index.php\/wp-json\/wp\/v2\/posts"}],"about":[{"href":"https:\/\/www.scbournak.cz\/index.php\/wp-json\/wp\/v2\/types\/post"}],"author":[{"embeddable":true,"href":"https:\/\/www.scbournak.cz\/index.php\/wp-json\/wp\/v2\/users\/4"}],"replies":[{"embeddable":true,"href":"https:\/\/www.scbournak.cz\/index.php\/wp-json\/wp\/v2\/comments?post=9819"}],"version-history":[{"count":0,"href":"https:\/\/www.scbournak.cz\/index.php\/wp-json\/wp\/v2\/posts\/9819\/revisions"}],"wp:attachment":[{"href":"https:\/\/www.scbournak.cz\/index.php\/wp-json\/wp\/v2\/media?parent=9819"}],"wp:term":[{"taxonomy":"category","embeddable":true,"href":"https:\/\/www.scbournak.cz\/index.php\/wp-json\/wp\/v2\/categories?post=9819"},{"taxonomy":"post_tag","embeddable":true,"href":"https:\/\/www.scbournak.cz\/index.php\/wp-json\/wp\/v2\/tags?post=9819"}],"curies":[{"name":"wp","href":"https:\/\/api.w.org\/{rel}","templated":true}]}}