{"id":9823,"date":"2021-10-17T07:08:54","date_gmt":"2021-10-17T07:08:54","guid":{"rendered":"https:\/\/www.facebook.com\/235846291326\/posts\/10159315865521327\/"},"modified":"2021-11-03T16:00:27","modified_gmt":"2021-11-03T16:00:27","slug":"vazeni-fanousci-naseho-lyzarskeho-strediska-v-nasledujicim-obdobi-vas-budeme-touto-cestou-informovat-o-provedenych-a-provadenych-pripravach-naseho-235846291326_10159315865521327","status":"publish","type":"post","link":"https:\/\/www.scbournak.cz\/index.php\/2021\/10\/17\/vazeni-fanousci-naseho-lyzarskeho-strediska-v-nasledujicim-obdobi-vas-budeme-touto-cestou-informovat-o-provedenych-a-provadenych-pripravach-naseho-235846291326_10159315865521327\/","title":{"rendered":"V\u00e1\u017een\u00ed fanou\u0161ci na\u0161eho ly\u017ea\u0159sk\u00e9ho st\u0159ediska, v n\u00e1sleduj\u00edc\u00edm obdob\u00ed v\u00e1s budeme touto cestou informovat o proveden\u00fdch a prov\u00e1d\u011bn\u00fdch p\u0159\u00edprav\u00e1ch na\u0161eho&#8230;"},"content":{"rendered":"<div class=\"text-element content-element\">\nV\u00e1\u017een\u00ed fanou\u0161ci na\u0161eho ly\u017ea\u0159sk\u00e9ho st\u0159ediska, v n\u00e1sleduj\u00edc\u00edm obdob\u00ed v\u00e1s budeme touto cestou informovat o proveden\u00fdch a prov\u00e1d\u011bn\u00fdch p\u0159\u00edprav\u00e1ch na\u0161eho are\u00e1lu na nadch\u00e1zej\u00edc\u00ed zimn\u00ed ly\u017ea\u0159skou sez\u00f3nu. V pr\u016fb\u011bhu roku jsme nezah\u00e1leli a d\u011blali v\u0161e, co bylo v na\u0161ich sil\u00e1ch, abychom zajistili co nejlep\u0161\u00ed podm\u00ednky k prozov\u00e1n\u00ed va\u0161eho obl\u00edben\u00e9ho sportu. V\u011b\u0159\u00edme, \u017ee bude dostatek sn\u011bhu, a \u017ee n\u00e1m v\u0161em p\u0159\u00edpadn\u00e1 proticovidov\u00e1 opat\u0159en\u00ed neznemo\u017en\u00ed pro\u017e\u00edvat skv\u011bl\u00e9 ly\u017ea\u0159sk\u00e9 z\u00e1\u017eitky. Zachovejte n\u00e1m p\u0159\u00edze\u0148. D\u00edky. Jaroslav Andres &#8211; \u0159editel sportcentra<\/div>\n","protected":false},"excerpt":{"rendered":"<p>V\u00e1\u017een\u00ed fanou\u0161ci na\u0161eho ly\u017ea\u0159sk\u00e9ho st\u0159ediska, v n\u00e1sleduj\u00edc\u00edm obdob\u00ed v\u00e1s budeme touto cestou informovat o proveden\u00fdch a prov\u00e1d\u011bn\u00fdch p\u0159\u00edprav\u00e1ch na\u0161eho are\u00e1lu na nadch\u00e1zej\u00edc\u00ed zimn\u00ed ly\u017ea\u0159skou sez\u00f3nu. V pr\u016fb\u011bhu roku jsme nezah\u00e1leli a d\u011blali v\u0161e, co bylo v na\u0161ich sil\u00e1ch, abychom zajistili co nejlep\u0161\u00ed podm\u00ednky k prozov\u00e1n\u00ed va\u0161eho obl\u00edben\u00e9ho sportu. V\u011b\u0159\u00edme, \u017ee bude dostatek sn\u011bhu, a \u017ee [&hellip;]<\/p>\n","protected":false},"author":4,"featured_media":0,"comment_status":"","ping_status":"","sticky":false,"template":"","format":"standard","meta":{"ngg_post_thumbnail":0},"categories":[42],"tags":[],"_links":{"self":[{"href":"https:\/\/www.scbournak.cz\/index.php\/wp-json\/wp\/v2\/posts\/9823"}],"collection":[{"href":"https:\/\/www.scbournak.cz\/index.php\/wp-json\/wp\/v2\/posts"}],"about":[{"href":"https:\/\/www.scbournak.cz\/index.php\/wp-json\/wp\/v2\/types\/post"}],"author":[{"embeddable":true,"href":"https:\/\/www.scbournak.cz\/index.php\/wp-json\/wp\/v2\/users\/4"}],"replies":[{"embeddable":true,"href":"https:\/\/www.scbournak.cz\/index.php\/wp-json\/wp\/v2\/comments?post=9823"}],"version-history":[{"count":0,"href":"https:\/\/www.scbournak.cz\/index.php\/wp-json\/wp\/v2\/posts\/9823\/revisions"}],"wp:attachment":[{"href":"https:\/\/www.scbournak.cz\/index.php\/wp-json\/wp\/v2\/media?parent=9823"}],"wp:term":[{"taxonomy":"category","embeddable":true,"href":"https:\/\/www.scbournak.cz\/index.php\/wp-json\/wp\/v2\/categories?post=9823"},{"taxonomy":"post_tag","embeddable":true,"href":"https:\/\/www.scbournak.cz\/index.php\/wp-json\/wp\/v2\/tags?post=9823"}],"curies":[{"name":"wp","href":"https:\/\/api.w.org\/{rel}","templated":true}]}}